{"id":1399,"date":"2020-06-06T09:45:53","date_gmt":"2020-06-06T07:45:53","guid":{"rendered":"http:\/\/siedlung-westend.com\/wordpress\/?p=1399"},"modified":"2020-06-06T09:46:47","modified_gmt":"2020-06-06T07:46:47","slug":"bvv-charlottenburg-wilmersdorf-beschliesst-siedlung-westend-kommunalisieren","status":"publish","type":"post","link":"https:\/\/siedlung-westend.com\/wordpress\/bvv-charlottenburg-wilmersdorf-beschliesst-siedlung-westend-kommunalisieren\/","title":{"rendered":"BVV Charlottenburg-Wilmersdorf beschlie\u00dft: &#8222;Siedlung Westend kommunalisieren!&#8220; &#8211; Drucksache 1132\/5"},"content":{"rendered":"\n<p>Am 11.04.2019 brachte die Fraktion &#8222;<a href=\"http:\/\/www.dielinke-charlottenburg-wilmersdorf.de\" target=\"_blank\" rel=\"noreferrer noopener\">Die Linke<\/a>&#8220; den folgenden Beschlussantrag zur &#8222;Rekommunalisierung&#8220; der Siedlung Westend in der BVV Charlottenburg-Wilmersdorf ein. <\/p>\n\n\n\n<blockquote class=\"wp-block-quote is-layout-flow wp-block-quote-is-layout-flow\"><p><em><strong>Siedlung Westend rekommunalisieren!<br><br>Die BVV m\u00f6ge beschlie\u00dfen:<\/strong><br><br><strong>Das Bezirksamt wird beauftragt, in Abstimmung mit der Senatsverwaltung f\u00fcr Stadtentwicklung und Wohnen und der Senatsverwaltung f\u00fcr Finanzen, die Deutsche Wohnen SE zu Gespr\u00e4chen einzuladen und mit dem Konzern \u00fcber den Ankauf der Alliiertensiedlung am Dickensweg in Westend zum Verkehrswert zu verhandeln, zugunsten eines st\u00e4dtischen Wohnungsunternehmens.<br><br>Der BVV ist bis zum 30.06.2019 zu berichten.<\/strong><br><br><\/em><strong><em>Begr\u00fcndung:<\/em><br><em>Bevor die Wohnungen von Deutsche Wohnen, Vonovia, Akelius und den anderen Woh-nungsunternehmen, die renditeorientiert sind und mehr als 3000 Wohnungen in Berlin besitzen, vergesellschaftet werden, soll die Deutsche Wohnen an diesem Standort die M\u00f6glichkeit bekommen ihren Bestand zu fairen Konditionen zu verkaufen, damit die Mieter*innen am Dickensweg endlich Sicherheit haben.<\/em><\/strong><\/p><\/blockquote>\n\n\n\n<p class=\"has-text-align-justify\">Der Antrag wurde seitens der BVV Charlottenburg-Wilmersdorf an den Ausschusses f\u00fcr Stadtentwicklung \u00fcberwiesen. Seit dem 19.06.2019 wurde dieses Thema im Ausschuss bis zum 05.02.2020 sets vertagt. <\/p>\n\n\n\n<p class=\"has-text-align-justify\">In der Ausschusssitzung am 03.04.2020 wurde der Beschlussantrag mit \u00c4nderungen als Beschlussempfehlung der BVV Charlottenburg-Wilmersdorf \u00fcbergeben.<\/p>\n\n\n\n<p>Die BVV \u00fcbernahm die Beschlussempfehlung des Ausschusses f\u00fcr Stadtwentwicklung wie folgt:<\/p>\n\n\n\n<blockquote class=\"wp-block-quote is-layout-flow wp-block-quote-is-layout-flow\"><p><em><strong>Neu: Siedlung Westend kommunalisieren!<br><br>Die BVV beschlie\u00dft:<br><br>Das Bezirksamt wird beauftragt, bei der Senatsverwaltung f\u00fcr Stadtentwicklung und Wohnen und der Senatsverwaltung f\u00fcr Finanzen anzuregen, mit dem Konzern Deut-sche Wohnen SE \u00fcber den Ankauf der Alliiertensiedlung am Dickensweg in Westend zum Verkehrswert zu verhandeln, zugunsten eines st\u00e4dtischen Wohnungsunternehmens.<\/strong><br><br><\/em><strong><em>Der BVV ist bis zum 30.06.2019 zu berichten.<\/em><br><br><em>Annegret Hansen Bezirksverordnetenvorsteherin<\/em><\/strong><\/p><\/blockquote>\n\n\n\n<p>Wir haben nachgefragt, ob es sich bei dem 30.06.2019 um einen Schreibfehler handelt.<br><br><strong>Quellen:<\/strong><br><a rel=\"noreferrer noopener\" href=\"http:\/\/www.berlin.de\/ba-charlottenburg-wilmersdorf\/politik\/bezirksverordnetenversammlung\/online\/vo020.asp?VOLFDNR=7144\" target=\"_blank\">Link zur Drucksache 1132\/5 der BVV Charlottenburg-Wilmersdorf<\/a><br><\/p>\n\n\n\n<p><strong>Medienberichte:<\/strong><br><a rel=\"noreferrer noopener\" href=\"https:\/\/leute.tagesspiegel.de\/charlottenburg-wilmersdorf\/intro\/2020\/05\/29\/124377\/\" target=\"_blank\">Tagesspiegel &#8222;Leute&#8220; aus Charlottenburg-Wilmersdorf von Cay Dobberke &#8211; Newsletter vom 29.05.2020<\/a><br><a rel=\"noreferrer noopener\" href=\"https:\/\/leute.tagesspiegel.de\/charlottenburg-wilmersdorf\/macher\/2020\/03\/20\/115497\/stillstand-in-der-siedlung-westend\/\" target=\"_blank\">Tagesspiegel &#8222;Leute&#8220; aus Charlottenburg-Wilmersdorf von Cay Dobberke &#8211; Newsletter vom 20.03.2020<\/a><\/p>\n\n\n\n<p><\/p>\n","protected":false},"excerpt":{"rendered":"<p>Am 11.04.2019 brachte die Fraktion &#8222;Die Linke&#8220; den folgenden Beschlussantrag zur &#8222;Rekommunalisierung&#8220; der Siedlung Westend in der BVV Charlottenburg-Wilmersdorf ein. Siedlung Westend rekommunalisieren! Die BVV m\u00f6ge beschlie\u00dfen: Das Bezirksamt wird <a class=\"more-link\" href=\"https:\/\/siedlung-westend.com\/wordpress\/bvv-charlottenburg-wilmersdorf-beschliesst-siedlung-westend-kommunalisieren\/\">Weiterlesen &rarr;<\/a><\/p>\n","protected":false},"author":3,"featured_media":0,"comment_status":"open","ping_status":"open","sticky":false,"template":"","format":"standard","meta":{"_jetpack_memberships_contains_paid_content":false,"footnotes":""},"categories":[2,7],"tags":[184,24,23,143,12,186,185,187,14,115,83,153],"class_list":["post-1399","post","type-post","status-publish","format-standard","hentry","category-ankuendigungen","category-berichte","tag-beschluss","tag-bezirksverordnetenversammlung","tag-bvv","tag-charlottenburgwilmersdorf","tag-deutsche-wohnen","tag-drucksache","tag-drucksache-1132-5","tag-rekommunalisierung","tag-siedlung-westend","tag-stadtentwicklung","tag-stadtgruen","tag-stadtplanung"],"jetpack_featured_media_url":"","jetpack_sharing_enabled":true,"_links":{"self":[{"href":"https:\/\/siedlung-westend.com\/wordpress\/wp-json\/wp\/v2\/posts\/1399","targetHints":{"allow":["GET"]}}],"collection":[{"href":"https:\/\/siedlung-westend.com\/wordpress\/wp-json\/wp\/v2\/posts"}],"about":[{"href":"https:\/\/siedlung-westend.com\/wordpress\/wp-json\/wp\/v2\/types\/post"}],"author":[{"embeddable":true,"href":"https:\/\/siedlung-westend.com\/wordpress\/wp-json\/wp\/v2\/users\/3"}],"replies":[{"embeddable":true,"href":"https:\/\/siedlung-westend.com\/wordpress\/wp-json\/wp\/v2\/comments?post=1399"}],"version-history":[{"count":6,"href":"https:\/\/siedlung-westend.com\/wordpress\/wp-json\/wp\/v2\/posts\/1399\/revisions"}],"predecessor-version":[{"id":1408,"href":"https:\/\/siedlung-westend.com\/wordpress\/wp-json\/wp\/v2\/posts\/1399\/revisions\/1408"}],"wp:attachment":[{"href":"https:\/\/siedlung-westend.com\/wordpress\/wp-json\/wp\/v2\/media?parent=1399"}],"wp:term":[{"taxonomy":"category","embeddable":true,"href":"https:\/\/siedlung-westend.com\/wordpress\/wp-json\/wp\/v2\/categories?post=1399"},{"taxonomy":"post_tag","embeddable":true,"href":"https:\/\/siedlung-westend.com\/wordpress\/wp-json\/wp\/v2\/tags?post=1399"}],"curies":[{"name":"wp","href":"https:\/\/api.w.org\/{rel}","templated":true}]}}