{"id":1384,"date":"2018-05-30T07:46:09","date_gmt":"2018-05-30T05:46:09","guid":{"rendered":"http:\/\/siedlung-westend.com\/wordpress\/?p=1384"},"modified":"2018-05-30T08:30:30","modified_gmt":"2018-05-30T06:30:30","slug":"einwohnerversammlung-am-31-05-2018-um-1900-uhr","status":"publish","type":"post","link":"https:\/\/siedlung-westend.com\/wordpress\/einwohnerversammlung-am-31-05-2018-um-1900-uhr\/","title":{"rendered":"Einwohnerversammlung am 31.05.2018 um 19:00 Uhr"},"content":{"rendered":"<hr \/>\n<p>Sehr geehrte Damen und Herren,<\/p>\n<p>wir m\u00fcssen Ihnen leider mitteilen, dass die BVV die geplante Einwohnerversammlung kurzfristig in das Rathaus Charlottenburg verlegt hat. Die Aula der Charles-Dickens-Grundschule steht zwecks Vorbereitung des Sommersfests der Grundschule leider nicht mehr zur Verf\u00fcgung. Die BVV lehnte eine zeitliche Verschiebung der Einwohnerversammlung unter Beibehaltung des Versammlungsortes ab. Das BVV-B\u00fcro war leider nicht bem\u00fcht einen anderweitigen nahen Versammlungsort (z.B.: Turnhalle der Charles-Dickens-Grundschule, Konferenzr\u00e4ume im Paulinenkrankenhaus, Stadionterrassen am Olympiastadion, R\u00e4ume im Rathaus Spandau, o.\u00c4.) in der N\u00e4he der \u201eSiedlung Westend\u201c zu organisieren.<\/p>\n<p><strong>Die Einwohnerversammlung findet daher am<\/strong><\/p>\n<p><strong>31.05.2018<\/strong> um <strong>19:00 Uhr<\/strong><\/p>\n<p>im<\/p>\n<p><strong>BVV-Saal des Rathauses Charlottenburg,<\/strong><\/p>\n<p><strong>Otto-Suhr-Allee 100, 10585 Berlin<\/strong><\/p>\n<p>statt.<\/p>\n<p>Beschwerden richten Sie bitte an:<\/p>\n<p>Bezirksverordnetenversammlung<\/p>\n<p>Rathaus Charlottenburg<\/p>\n<p>Otto-Suhr-Allee 100<\/p>\n<p>10585 Berlin<\/p>\n<p>&nbsp;<\/p>\n<p>Tel.: (030) 9029-14901<\/p>\n<p>E-Mail: &#x62;&#x76;&#x76;&#x40;&#99;&#104;&#97;&#114;lot&#x74;&#x65;&#x6e;&#x62;&#x75;&#114;&#103;&#45;wil&#x6d;&#x65;&#x72;&#x73;&#x64;&#111;&#114;&#102;&#46;de<\/p>\n<p>&nbsp;<\/p>\n<p>Mit besten Gr\u00fc\u00dfen<\/p>\n<p>Ihre B\u00fcrgerinitiative f\u00fcr den Erhalt der Siedlung Westend<\/p>\n","protected":false},"excerpt":{"rendered":"<p>Sehr geehrte Damen und Herren, wir m\u00fcssen Ihnen leider mitteilen, dass die BVV die geplante Einwohnerversammlung kurzfristig in das Rathaus Charlottenburg verlegt hat. Die Aula der Charles-Dickens-Grundschule steht zwecks Vorbereitung <a class=\"more-link\" href=\"https:\/\/siedlung-westend.com\/wordpress\/einwohnerversammlung-am-31-05-2018-um-1900-uhr\/\">Weiterlesen &rarr;<\/a><\/p>\n","protected":false},"author":3,"featured_media":0,"comment_status":"open","ping_status":"open","sticky":false,"template":"","format":"standard","meta":{"_jetpack_memberships_contains_paid_content":false,"footnotes":""},"categories":[7],"tags":[24,23,137,14],"class_list":["post-1384","post","type-post","status-publish","format-standard","hentry","category-berichte","tag-bezirksverordnetenversammlung","tag-bvv","tag-einwohnerversammlung","tag-siedlung-westend"],"jetpack_featured_media_url":"","jetpack_sharing_enabled":true,"_links":{"self":[{"href":"https:\/\/siedlung-westend.com\/wordpress\/wp-json\/wp\/v2\/posts\/1384","targetHints":{"allow":["GET"]}}],"collection":[{"href":"https:\/\/siedlung-westend.com\/wordpress\/wp-json\/wp\/v2\/posts"}],"about":[{"href":"https:\/\/siedlung-westend.com\/wordpress\/wp-json\/wp\/v2\/types\/post"}],"author":[{"embeddable":true,"href":"https:\/\/siedlung-westend.com\/wordpress\/wp-json\/wp\/v2\/users\/3"}],"replies":[{"embeddable":true,"href":"https:\/\/siedlung-westend.com\/wordpress\/wp-json\/wp\/v2\/comments?post=1384"}],"version-history":[{"count":3,"href":"https:\/\/siedlung-westend.com\/wordpress\/wp-json\/wp\/v2\/posts\/1384\/revisions"}],"predecessor-version":[{"id":1387,"href":"https:\/\/siedlung-westend.com\/wordpress\/wp-json\/wp\/v2\/posts\/1384\/revisions\/1387"}],"wp:attachment":[{"href":"https:\/\/siedlung-westend.com\/wordpress\/wp-json\/wp\/v2\/media?parent=1384"}],"wp:term":[{"taxonomy":"category","embeddable":true,"href":"https:\/\/siedlung-westend.com\/wordpress\/wp-json\/wp\/v2\/categories?post=1384"},{"taxonomy":"post_tag","embeddable":true,"href":"https:\/\/siedlung-westend.com\/wordpress\/wp-json\/wp\/v2\/tags?post=1384"}],"curies":[{"name":"wp","href":"https:\/\/api.w.org\/{rel}","templated":true}]}}