{"id":1278,"date":"2016-09-16T14:16:10","date_gmt":"2016-09-16T12:16:10","guid":{"rendered":"http:\/\/siedlung-westend.com\/wordpress\/?p=1278"},"modified":"2016-09-20T22:50:13","modified_gmt":"2016-09-20T20:50:13","slug":"zur-berlinwahl-2016-wahlkampf-und-realitaet","status":"publish","type":"post","link":"https:\/\/siedlung-westend.com\/wordpress\/zur-berlinwahl-2016-wahlkampf-und-realitaet\/","title":{"rendered":"Zur Berlinwahl 2016 &#8211; Wahlkampf und Realit\u00e4t"},"content":{"rendered":"<p style=\"text-align: justify;\">Am Sonntag findet die Wahl f\u00fcr das Abgeordnetenhaus und f\u00fcr die Bezirksverordnetenversammlungen in Berlin statt. Der Wahlverdruss ist merklich hoch, dass Vertrauen in die gro\u00dfen alteingesessenen Parteien scheint stark gesunken. Die Frage: <em><strong>&#8222;Wen soll man denn noch w\u00e4hlen?&#8220;<\/strong><\/em> allgegenw\u00e4rtig. Um den Wahlkampf und die vielen Versprechungen der Parteien kommt man kaum noch drum herum.<\/p>\n<p style=\"text-align: justify;\">Folgend eine kleine Zusammenstellung der Wahlprogramme und Forderungen der einzelnen Parteien\/W\u00e4hlergemeinschaften in Charlottenburg-Wilmersdorf:<br \/>\n(alphabetisch sortiert)<\/p>\n<blockquote><p><strong><span style=\"color: #993366;\">Aktive B\u00fcrger f\u00fcr Charlottenburg-Wilmersdorf<br \/>\n<\/span>Internet: <a href=\"http:\/\/www.aktive-buerger.berlin\" target=\"_blank\">http:\/\/www.aktive-buerger.berlin<\/a><\/strong><br \/>\n<strong> Downloads:\u00a0<a href=\"http:\/\/siedlung-westend.com\/wordpress\/wp-content\/uploads\/2016\/09\/ABCW-Flyer-26-8a.pdf\" target=\"_blank\">Flyer<\/a> | <a href=\"http:\/\/siedlung-westend.com\/wordpress\/wp-content\/uploads\/2016\/09\/Aktive-B\u00fcrger-Grundsatzpapier.pdf\" target=\"_blank\">Grundsatzpapier<\/a><\/strong><\/p>\n<p>&nbsp;<\/p>\n<p><strong><span style=\"color: #339966;\">B90\/Die Gr\u00fcnen<br \/>\n<\/span>Internet: <a href=\"http:\/\/www.gruene-cw.de\" target=\"_blank\">http:\/\/www.gruene-cw.de<\/a><\/strong><br \/>\n<strong> Downloads:\u00a0<a href=\"http:\/\/siedlung-westend.com\/wordpress\/wp-content\/uploads\/2016\/09\/B90-Die_Gruene_Bezirksprogramm_CHAR_WILM_2016.pdf\" target=\"_blank\">Programm zur Wahl zur Bezirksverordnetenversammlung 2016<\/a> | <a href=\"http:\/\/siedlung-westend.com\/wordpress\/wp-content\/uploads\/2016\/09\/B90-Die_Gruenen-Themenflyer_Ziele.pdf\" target=\"_blank\">Ziele zur Bezirksverordnetenwahl<\/a><\/strong><\/p>\n<p>&nbsp;<\/p>\n<p><strong>CDU<\/strong><br \/>\n<strong> Internet: <a href=\"http:\/\/www.city-cdu.de\" target=\"_blank\">http:\/\/www.city-cdu.de<\/a><\/strong><br \/>\n<strong> Downloads: <a href=\"http:\/\/siedlung-westend.com\/wordpress\/wp-content\/uploads\/2016\/09\/CDU-City_Buergerprogramm.pdf\" target=\"_blank\">B\u00fcrgerprogramm City CDU<\/a><\/strong><\/p>\n<p>&nbsp;<\/p>\n<p><strong><span style=\"color: #ff0000;\">Die Linke<br \/>\n<\/span>Internet: <a href=\"http:\/\/www.dielinke-charlottenburg-wilmersdorf.de\" target=\"_blank\">http:\/\/www.dielinke-charlottenburg-wilmersdorf.de<\/a><\/strong><br \/>\n<strong> Downloads: <a href=\"http:\/\/siedlung-westend.com\/wordpress\/wp-content\/uploads\/2016\/09\/Die-Linke_Bezirkswahlprogramm_Stand2016-05-19.pdf\" target=\"_blank\">Die Linke Bezirkswahlprogramm f\u00fcr Charlottenburg-Wilmersdorf<\/a><\/strong><\/p>\n<p>&nbsp;<\/p>\n<p><strong><span style=\"color: #ffcc00;\">FDP<br \/>\n<\/span>Internet: <a href=\"http:\/\/www.fdp-cw.de\" target=\"_blank\">http:\/\/www.fdp-cw.de<\/a><\/strong><br \/>\n<strong> Downloads: <a href=\"http:\/\/siedlung-westend.com\/wordpress\/wp-content\/uploads\/2016\/09\/FDP-Charlottenburg-Wilmersdorf.pdf\" target=\"_blank\">Bezirkswahlprogramm<\/a><\/strong><\/p>\n<p>&nbsp;<\/p>\n<p><strong>Piraten<\/strong><br \/>\n<strong> Internet: <a href=\"http:\/\/pf-cw.de\/\" target=\"_blank\">http:\/\/pf-cw.de\/<\/a><\/strong><br \/>\n<strong> Downloads: <a href=\"http:\/\/siedlung-westend.com\/wordpress\/wp-content\/uploads\/2016\/09\/Piraten_Wahlprogramm.pdf\" target=\"_blank\">Wahlprogramm<\/a><\/strong><\/p>\n<p>&nbsp;<\/p>\n<p><strong><span style=\"color: #ff0000;\">SPD<br \/>\n<\/span>Internet: <a href=\"http:\/\/www.spd-charlottenburg-wilmersdorf.de\/\" target=\"_blank\">http:\/\/www.spd-charlottenburg-wilmersdorf.de\/<\/a><\/strong><br \/>\n<strong> Downloads: <a href=\"http:\/\/siedlung-westend.com\/wordpress\/wp-content\/uploads\/2016\/09\/SPD_wahlprogramm_cw_2016.pdf\" target=\"_blank\">Wahlprogramm der SPD Charlottenburg- Wilmersdorf<\/a><\/strong><\/p><\/blockquote>\n<p style=\"text-align: justify;\"><strong>Alles nur Wahlkampf oder ernstgemeinte Versprechungen?<\/strong><\/p>\n<p style=\"text-align: justify;\">Nun finden w\u00e4hrend der Wahlkampfphase weiterhin Sitzungen, unter anderem in der Bezirksverordnetenversammlung, statt, dort zeigen sich die Realit\u00e4t und das wahre Gesicht der Parteien.<\/p>\n<p style=\"text-align: justify;\">Am 14.09.2016 tagte der Ausschuss f\u00fcr Stadtentwicklung der BVV Charlottenburg-Wilmersdorf. Auf der Tagesordnung stand ein\u00a0<a href=\"http:\/\/siedlung-westend.com\/wordpress\/wp-content\/uploads\/2016\/09\/BVV-CW-DS-Nr_1655-4.pdf\" target=\"_blank\">Beschluss-Antrag mit DS-Nr. 1655\/4 der SPD<\/a> zum Thema Abriss und Neubau unserer Siedlung Westend.<\/p>\n<p style=\"text-align: justify;\">Dieser scheint auf dem ersten Blick die Mieter sch\u00fctzen zu wollen, doch der Schein tr\u00fcgt.<\/p>\n<p style=\"text-align: justify;\">Wir sehen den Beschluss als \u00e4u\u00dfert kritisch und als nicht hinnehmbar, da die BVV damit das Bezirksamt auffordert bei der Verdr\u00e4ngung der B\u00fcrger von Charlottenburg-Wilmersdorf und Vernichtung von bezahlbarem Wohnraum aktiv zu unterst\u00fctzen. (<a href=\"http:\/\/siedlung-westend.com\/wordpress\/wp-content\/uploads\/2016\/09\/Beschwerde-BVV-Beschluss-1655-4.pdf\" target=\"_blank\">Download unserer umfangreichen Stellungnahme und Beschwerde<\/a>)<\/p>\n<p style=\"text-align: justify;\">Der Beschluss wurde von allen Fraktionsmitgliedern von B90\/Die Gr\u00fcnen, CDU und SPD best\u00e4tigt und verabschiedet, <strong>lediglich Herr Schlosser von den Piraten &#8211; nun Aktive B\u00fcrger C\/W &#8211; stimmte gegen den Beschluss<\/strong>.<\/p>\n<p style=\"text-align: justify;\"><strong>Versprechen einen aktuell nicht B90\/Die Gr\u00fcnen, CDU und allem voran die SPD, dass Sie bezahlbaren Wohnraum bewahren wollen? Es zeigt doch deutlich wer w\u00e4hlbar ist und wer nur Wahlkampf betreibt.<\/strong><\/p>\n<p style=\"text-align: justify;\"><strong>Auch in der Vergangenheit zeigten lediglich die Piraten und Die Linke \u00fcberhaupt Engagement die B\u00fcrgerinitiative und die Bewohner der Siedlung Westend zu unterst\u00fctzen und sch\u00fctzen zu wollen.<\/strong><\/p>\n<p><strong>Wahlkampf und Realit\u00e4t.<\/strong><\/p>\n","protected":false},"excerpt":{"rendered":"<p>Am Sonntag findet die Wahl f\u00fcr das Abgeordnetenhaus und f\u00fcr die Bezirksverordnetenversammlungen in Berlin statt. Der Wahlverdruss ist merklich hoch, dass Vertrauen in die gro\u00dfen alteingesessenen Parteien scheint stark gesunken. <a class=\"more-link\" href=\"https:\/\/siedlung-westend.com\/wordpress\/zur-berlinwahl-2016-wahlkampf-und-realitaet\/\">Weiterlesen &rarr;<\/a><\/p>\n","protected":false},"author":3,"featured_media":0,"comment_status":"open","ping_status":"open","sticky":false,"template":"","format":"standard","meta":{"_jetpack_memberships_contains_paid_content":false,"footnotes":""},"categories":[7],"tags":[175,61,62,177,97,88,178,122,11,80],"class_list":["post-1278","post","type-post","status-publish","format-standard","hentry","category-berichte","tag-aktive-buerger","tag-berlin","tag-buendnis90die-gruenen","tag-cd","tag-cdu","tag-die-linke","tag-fdp","tag-piraten","tag-spd","tag-wahl-2016"],"jetpack_featured_media_url":"","jetpack_sharing_enabled":true,"_links":{"self":[{"href":"https:\/\/siedlung-westend.com\/wordpress\/wp-json\/wp\/v2\/posts\/1278","targetHints":{"allow":["GET"]}}],"collection":[{"href":"https:\/\/siedlung-westend.com\/wordpress\/wp-json\/wp\/v2\/posts"}],"about":[{"href":"https:\/\/siedlung-westend.com\/wordpress\/wp-json\/wp\/v2\/types\/post"}],"author":[{"embeddable":true,"href":"https:\/\/siedlung-westend.com\/wordpress\/wp-json\/wp\/v2\/users\/3"}],"replies":[{"embeddable":true,"href":"https:\/\/siedlung-westend.com\/wordpress\/wp-json\/wp\/v2\/comments?post=1278"}],"version-history":[{"count":19,"href":"https:\/\/siedlung-westend.com\/wordpress\/wp-json\/wp\/v2\/posts\/1278\/revisions"}],"predecessor-version":[{"id":1317,"href":"https:\/\/siedlung-westend.com\/wordpress\/wp-json\/wp\/v2\/posts\/1278\/revisions\/1317"}],"wp:attachment":[{"href":"https:\/\/siedlung-westend.com\/wordpress\/wp-json\/wp\/v2\/media?parent=1278"}],"wp:term":[{"taxonomy":"category","embeddable":true,"href":"https:\/\/siedlung-westend.com\/wordpress\/wp-json\/wp\/v2\/categories?post=1278"},{"taxonomy":"post_tag","embeddable":true,"href":"https:\/\/siedlung-westend.com\/wordpress\/wp-json\/wp\/v2\/tags?post=1278"}],"curies":[{"name":"wp","href":"https:\/\/api.w.org\/{rel}","templated":true}]}}