{"id":1214,"date":"2016-07-06T11:27:32","date_gmt":"2016-07-06T09:27:32","guid":{"rendered":"http:\/\/siedlung-westend.com\/wordpress\/?p=1214"},"modified":"2016-07-06T11:32:23","modified_gmt":"2016-07-06T09:32:23","slug":"pressemitteilung-zur-protestkundgebung-bei-der-aktionaersversammlung-der-gsw-deutsche-wohnen","status":"publish","type":"post","link":"https:\/\/siedlung-westend.com\/wordpress\/pressemitteilung-zur-protestkundgebung-bei-der-aktionaersversammlung-der-gsw-deutsche-wohnen\/","title":{"rendered":"Pressemitteilung zur Protestkundgebung bei der Aktion\u00e4rsversammlung der GSW \/ Deutsche Wohnen"},"content":{"rendered":"<p style=\"text-align: justify;\"><strong>Das <a href=\"http:\/\/www.berliner-mieter.de\" target=\"_blank\"><em>B\u00fcndnis der Mieter*Innen der Deutsche Wohnen AG<\/em><\/a> ruft am Donnerstag zu einer Kundgebung auf gegen die r\u00fccksichtslosen Praktiken von Berlins gr\u00f6\u00dftem privatem Vermieter \u2013 und f\u00fcr eine Ver\u00e4nderung der Spielregeln des Berliner Wohnungsmarktes<\/strong><\/p>\n<p style=\"text-align: justify;\"><strong>Donnerstag dem 7.7. um 9:30 Uhr <\/strong><\/p>\n<p style=\"text-align: justify;\"><strong>Fasanenstra\u00dfe 85 \/\u00a0N\u00e4he U+S Bhf Zoo (<\/strong><a href=\"http:\/\/www.gsw.ag\/gswimmobilien\/pdf\/hauptversammlung\/2016\/LEH-Anfahrtsbeschreibung.pdf\" target=\"_blank\"><strong>Anfahrtsbeschreibung<\/strong><\/a><strong>)<\/strong><\/p>\n<p style=\"text-align: justify;\"><strong>anl\u00e4sslich der <\/strong><a href=\"http:\/\/www.gsw.ag\/websites\/gswimmobilien\/German\/5050\/hauptversammlung-2016.html\" target=\"_blank\"><strong>Aktion\u00e4rsversammlung der GSW<\/strong><\/a><strong>\u00a0<\/strong>(mittlerweile Briefkastenfirma der Deutschen Wohnen)<\/p>\n<p style=\"text-align: justify;\">1,2 Mrd Gewinn. Was f\u00fcr die Aktion\u00e4re und Manager<em> \u201eDas beste Jahresergebnis der Unternehmensgeschichte\u201c<\/em> ist, bedeutet f\u00fcr die Mieter*innen der Deutschen Wohnen zumeist Mieterh\u00f6hungen, (Luxus-)Modernisierung, Verkauf oder Abriss ihrer Wohnungen. Also Auszug oder immer weniger Geld zum Leben nach der Miete:<\/p>\n<p style=\"text-align: justify;\">In Lichtenberg versucht die Deutsche Wohnen AG die Miete durch Modernisierung fast zu verdreifachen &#8211; mit einem Mal von 3,09\u20ac\/qm auf 8,20\u20ac\/qm. In Kreuzberg kauft sie sich vorzeitig aus den Bindungen des Sozialen Wohnungsbaus, der mit Milliarden \u00f6ffentlicher F\u00f6rdergelder gebaut wurde, in dem sie Darlehen des Landes Berlins vorzeitig zur\u00fcckzahlt und zudem von den g\u00fcnstigen Zinsen des derzeitigen Kapitalmarktes profitiert. <a href=\"https:\/\/kottiundco.net\/2016\/06\/15\/msetzung-von-sofortmassnahmen-und-ausblick-zur-reform-des-sozialen-wohnungsbaus\/\" target=\"_blank\">Der Senat sieht zu,<\/a> und kommt in seinem derzeitigen Expertengremium zu dem hilflosen Schluss, den Eigent\u00fcmer*Innen bessere Zinskonditionen anzubieten und auf Freiwilligkeit zu hoffen \u2013 anstatt die teuer bezahlten Bindungen langfristig zu sichern.<\/p>\n<p style=\"text-align: justify;\">Als w\u00e4re das nicht genug nimmt die Deutsche Wohnen AG obendrein z.B. im Sozialen Wohnungsbau am \u201eKotti\u201c doppelt so hohe Betriebskosten wie der Berliner Durchschnitt: anstatt 2,56\u20ac\/qm verlangt sie 4 \u2013 5,50\u20ac\/qm. Und <a href=\"https:\/\/kottiundco.net\/2016\/05\/28\/deutsche-wohnen-warm-mietenwahnsinn\/\" target=\"_blank\">steht daf\u00fcr derzeit vor Gericht.<\/a> In Pankow saniert die Deutsche Wohnen AG \u201eenergetisch\u201c mit 2\u20ac Energieeinsparung und 300\u20ac Mieterh\u00f6hung. <a href=\"https:\/\/www.google.de\/url?sa=t&amp;rct=j&amp;q=&amp;esrc=s&amp;source=web&amp;cd=1&amp;ved=0ahUKEwjqjp23-9zNAhWrA8AKHfHFA-UQFggeMAA&amp;url=https%3A%2F%2Fmietenvolksentscheidberlin.de%2Fwp-content%2Fuploads%2F2015%2F03%2FMietendossier2014.pdf&amp;usg=AFQjCNHmu3oTKGkCbp76nz1zjij9IBjrEQ&amp;cad=rja\" target=\"_blank\">In Zehlendorf<\/a> modernisiert sie ganz ohne Energiespareffekte und wandelt Wohnungen in Eigentumswohnungen um, die sich die meisten Mieter*Innen nicht leisten k\u00f6nnten. <a href=\"http:\/\/siedlung-westend.com\/wordpress\/\" target=\"_blank\">In Charlottenburg-Westend<\/a> rei\u00dfen sie 212 bezahlbare Wohnungen ab, um sie mit 580 Luxus-Neubauwohnungen zu ersetzen.<\/p>\n<p style=\"text-align: justify;\"><strong>Als Reaktion haben sich nun Mieter*innen der Deutschen Wohnen AG aus ganz Berlin zusammengeschlossen, um gegen deren Praktiken zu protestieren \u2013 und f\u00fcr eine Ver\u00e4nderung der Spielregeln auf dem Berliner Wohnungsmarkt zu k\u00e4mpfen.<\/strong><\/p>\n<p style=\"text-align: justify;\">Die meisten Wohnungen der Deutschen Wohnen waren fr\u00fcher in \u00f6ffentlicher Hand: Die GSW war einst die gr\u00f6\u00dfte landeseigene Wohnungsbaugesellschaft Berlins. Nach Privatisierung, B\u00f6rsengang und \u00dcbernahme ist sie heute nur noch eine Briefkastenfirma f\u00fcr den gr\u00f6\u00dften privaten Vermieter der Stadt.<\/p>\n<p style=\"text-align: justify;\">Im Gesch\u00e4ftsbericht der Deutschen Wohnen AG ist zu lesen, dass zus\u00e4tzlich zu den oben beschriebenen Praktiken \u201eEffekte aus dem Berliner Mietspiegel 2015 ein \u00fcberdurchschnittliches Mietwachstum\u201c erm\u00f6glicht h\u00e4tten. Die Neuvertragsmieten lagen im Durchschnitt 20% \u00fcber den Bestandsmieten und die Mietpreisbremse habe \u201ebisher nur einen leichten Einfluss auf die Neuvertragsmiete\u201c gehabt. Was die Aktion\u00e4re zufrieden stellt bedeutet eine dringende Handlungsaufforderung an die Politik. Der Senat und die Bundesregierung haben zentrale Verantwortung f\u00fcr die L\u00f6sung des Problems, das sie den Mieter*Innen beschert hat.<\/p>\n<p style=\"text-align: justify;\">Daher fordert das B\u00fcndnis der Mieter*Innen der Deutsche Wohnen AG sie auf, endlich wirksame Mietpreisbegrenzungen zu schaffen, die Gesetze zur \u201eEnergetischen Modernisierung\u201c warmmietenneutral zu gestalten und \u00f6ffentlich gef\u00f6rderte Wohnungen zu (re)kommunalisieren.<\/p>\n<p style=\"text-align: justify;\">F\u00fcr Presser\u00fcckfragen stehen wir Ihnen gern zur Verf\u00fcgung: 01793288636<\/p>\n","protected":false},"excerpt":{"rendered":"<p>Das B\u00fcndnis der Mieter*Innen der Deutsche Wohnen AG ruft am Donnerstag zu einer Kundgebung auf gegen die r\u00fccksichtslosen Praktiken von Berlins gr\u00f6\u00dftem privatem Vermieter \u2013 und f\u00fcr eine Ver\u00e4nderung der <a class=\"more-link\" href=\"https:\/\/siedlung-westend.com\/wordpress\/pressemitteilung-zur-protestkundgebung-bei-der-aktionaersversammlung-der-gsw-deutsche-wohnen\/\">Weiterlesen &rarr;<\/a><\/p>\n","protected":false},"author":3,"featured_media":0,"comment_status":"closed","ping_status":"open","sticky":false,"template":"","format":"standard","meta":{"_jetpack_memberships_contains_paid_content":false,"footnotes":""},"categories":[7],"tags":[156,155,12,154,65,20,157],"class_list":["post-1214","post","type-post","status-publish","format-standard","hentry","category-berichte","tag-berliner-mieter","tag-buendnis-der-mieterinnen-der-deutsche-wohnen-ag","tag-deutsche-wohnen","tag-kotti-co","tag-politik","tag-presse","tag-pressemitteilung"],"jetpack_featured_media_url":"","jetpack_sharing_enabled":true,"_links":{"self":[{"href":"https:\/\/siedlung-westend.com\/wordpress\/wp-json\/wp\/v2\/posts\/1214","targetHints":{"allow":["GET"]}}],"collection":[{"href":"https:\/\/siedlung-westend.com\/wordpress\/wp-json\/wp\/v2\/posts"}],"about":[{"href":"https:\/\/siedlung-westend.com\/wordpress\/wp-json\/wp\/v2\/types\/post"}],"author":[{"embeddable":true,"href":"https:\/\/siedlung-westend.com\/wordpress\/wp-json\/wp\/v2\/users\/3"}],"replies":[{"embeddable":true,"href":"https:\/\/siedlung-westend.com\/wordpress\/wp-json\/wp\/v2\/comments?post=1214"}],"version-history":[{"count":4,"href":"https:\/\/siedlung-westend.com\/wordpress\/wp-json\/wp\/v2\/posts\/1214\/revisions"}],"predecessor-version":[{"id":1218,"href":"https:\/\/siedlung-westend.com\/wordpress\/wp-json\/wp\/v2\/posts\/1214\/revisions\/1218"}],"wp:attachment":[{"href":"https:\/\/siedlung-westend.com\/wordpress\/wp-json\/wp\/v2\/media?parent=1214"}],"wp:term":[{"taxonomy":"category","embeddable":true,"href":"https:\/\/siedlung-westend.com\/wordpress\/wp-json\/wp\/v2\/categories?post=1214"},{"taxonomy":"post_tag","embeddable":true,"href":"https:\/\/siedlung-westend.com\/wordpress\/wp-json\/wp\/v2\/tags?post=1214"}],"curies":[{"name":"wp","href":"https:\/\/api.w.org\/{rel}","templated":true}]}}