{"id":1100,"date":"2016-04-03T22:17:40","date_gmt":"2016-04-03T20:17:40","guid":{"rendered":"http:\/\/siedlung-westend.com\/wordpress\/?p=1100"},"modified":"2016-04-04T00:03:51","modified_gmt":"2016-04-03T22:03:51","slug":"buergerbegehren-fuer-den-naturflaechenerhalt-in-charlottenburg-wilmersdorf","status":"publish","type":"post","link":"https:\/\/siedlung-westend.com\/wordpress\/buergerbegehren-fuer-den-naturflaechenerhalt-in-charlottenburg-wilmersdorf\/","title":{"rendered":"B\u00fcrgerbegehren f\u00fcr den Naturfl\u00e4chenerhalt in Charlottenburg-Wilmersdorf"},"content":{"rendered":"<p>Nachdem trotz B\u00fcrgerentscheid in 2014 die Kleingartenkolonie Oeyenhausen und damit langj\u00e4hrige Naturfl\u00e4chen dank &#8222;Rot-Gr\u00fcn&#8220; h\u00e4lftig zerst\u00f6rt worden sind, bringen nun die Kleingartenverb\u00e4nde zusammen mit mehreren B\u00fcrgerinitiativen ein B\u00fcrgerbegeheren zum Erhalt von Natur- und Gr\u00fcnfl\u00e4chen an den Start.<\/p>\n<p><strong>Der Ablauf:<\/strong><\/p>\n<p>Vorraussetzung f\u00fcr das weitere Verfahren f\u00fcr einen B\u00fcrgerbegehren, ist das Sammeln von 7.500 Unterschriften von Unterst\u00fctzern.<\/p>\n<p>Unterschriftsberechtigt ist, wer zum Zeitpunkt der Unterschrift mindestens 16 Jahre alt ist, aus der EU stammt und seit 3 Monate in Charlottenburg-Wilmersdorf polizeilich gemeldet ist (Haupt- oder alleiniger Wohnsitz).<\/p>\n<p>Sind die 7.500 Unterschriften gesammelt, ist das B\u00fcrgerbegehren erfolgreich. Die BVV hat zwei Monate Zeit, die Ziele des B\u00fcrgerbegehrens zu \u00fcbernehmen. Tut sie das nicht, findet innerhalb von vier Monaten ein B\u00fcrgerentscheid statt. Ziel der Initiatoren ist ein B\u00fcrgerentscheid zum Tag der Berlin-Wahl am 18.09.2016.<\/p>\n<p><strong><a href=\"http:\/\/siedlung-westend.com\/wordpress\/wp-content\/uploads\/2016\/04\/Unterschriftenliste-Buergerbegehren_Gruenflaechenerhalt.pdf\" target=\"_blank\" rel=\"\">Den Vordruck f\u00fcr die Unterschriftenliste findet Ihr hier zum Download.<\/a><\/strong><\/p>\n<p>Die ausgef\u00fcllten Unterschriftenlisten k\u00f6nnt ihr gerne bei uns abgeben oder auch direkt an <a href=\"http:\/\/nadia-rouhani.de\/\" target=\"_blank\">Frau Rouhani<\/a> senden:<\/p>\n<p><strong>BVV-B\u00fcro<\/strong><br \/>\n<strong> &#8211; z.Hd. Frau Nadia Rouhani &#8211;<\/strong><br \/>\n<strong> Otto-Suhr-Allee 100<\/strong><br \/>\n<strong> 10589 Berlin<\/strong><\/p>\n<p>Jede einzelne Unterschrift z\u00e4hlt und tr\u00e4gt dazu bei \u00fcber jahrzehnt gewachsende Naturfl\u00e4chen zu erhalten. Dies ist nicht nur einfach ein B\u00fcrgerbegehren, es sollte doch auch zeigen, dass die B\u00fcrger sich langfristig in Zeiten des Klimawandels gedanken \u00fcber die Stadtentwicklung f\u00fcr die kommenden Generationen machen. Das kurzsichtige und fahrl\u00e4ssige Verhalten von SPD und B90\/Gr\u00fcne besonders im Bereich der Stadtentwicklung und des Umweltschutz sollte bei der n\u00e4chsten Wahl ber\u00fccksichtigt werden.<\/p>\n<p>&nbsp;<\/p>\n<p>&nbsp;<\/p>\n<p><img loading=\"lazy\" decoding=\"async\" class=\"alignnone size-full wp-image-1105\" src=\"https:\/\/siedlung-westend.com\/wordpress\/wp-content\/uploads\/2016\/04\/Gruenflaechen_sind_nicht_Gruenflaechen.jpg\" alt=\"Gruenflaechen_sind_nicht_Gruenflaechen\" width=\"800\" height=\"1018\" srcset=\"https:\/\/siedlung-westend.com\/wordpress\/wp-content\/uploads\/2016\/04\/Gruenflaechen_sind_nicht_Gruenflaechen.jpg 800w, https:\/\/siedlung-westend.com\/wordpress\/wp-content\/uploads\/2016\/04\/Gruenflaechen_sind_nicht_Gruenflaechen-236x300.jpg 236w, https:\/\/siedlung-westend.com\/wordpress\/wp-content\/uploads\/2016\/04\/Gruenflaechen_sind_nicht_Gruenflaechen-768x977.jpg 768w\" sizes=\"auto, (max-width: 800px) 100vw, 800px\" \/><\/p>\n","protected":false},"excerpt":{"rendered":"<p>Nachdem trotz B\u00fcrgerentscheid in 2014 die Kleingartenkolonie Oeyenhausen und damit langj\u00e4hrige Naturfl\u00e4chen dank &#8222;Rot-Gr\u00fcn&#8220; h\u00e4lftig zerst\u00f6rt worden sind, bringen nun die Kleingartenverb\u00e4nde zusammen mit mehreren B\u00fcrgerinitiativen ein B\u00fcrgerbegeheren zum Erhalt <a class=\"more-link\" href=\"https:\/\/siedlung-westend.com\/wordpress\/buergerbegehren-fuer-den-naturflaechenerhalt-in-charlottenburg-wilmersdorf\/\">Weiterlesen &rarr;<\/a><\/p>\n","protected":false},"author":3,"featured_media":0,"comment_status":"closed","ping_status":"open","sticky":false,"template":"","format":"standard","meta":{"_jetpack_memberships_contains_paid_content":false,"footnotes":""},"categories":[7,8,5],"tags":[21,61,24,62,138,139,41,23,25,63,45,142,140,141,47,11,26],"class_list":["post-1100","post","type-post","status-publish","format-standard","hentry","category-berichte","category-meinungen","category-organisation","tag-bericht","tag-berlin","tag-bezirksverordnetenversammlung","tag-buendnis90die-gruenen","tag-buergerbegehren","tag-buergerentscheid","tag-buergerinitiativen","tag-bvv","tag-charlottenburg","tag-die-gruenen","tag-gruenflaechen","tag-kleingartenkolonien","tag-nadia-rouhani","tag-naturflaechen","tag-naturschutz","tag-spd","tag-wilmersdorf"],"jetpack_featured_media_url":"","jetpack_sharing_enabled":true,"_links":{"self":[{"href":"https:\/\/siedlung-westend.com\/wordpress\/wp-json\/wp\/v2\/posts\/1100","targetHints":{"allow":["GET"]}}],"collection":[{"href":"https:\/\/siedlung-westend.com\/wordpress\/wp-json\/wp\/v2\/posts"}],"about":[{"href":"https:\/\/siedlung-westend.com\/wordpress\/wp-json\/wp\/v2\/types\/post"}],"author":[{"embeddable":true,"href":"https:\/\/siedlung-westend.com\/wordpress\/wp-json\/wp\/v2\/users\/3"}],"replies":[{"embeddable":true,"href":"https:\/\/siedlung-westend.com\/wordpress\/wp-json\/wp\/v2\/comments?post=1100"}],"version-history":[{"count":7,"href":"https:\/\/siedlung-westend.com\/wordpress\/wp-json\/wp\/v2\/posts\/1100\/revisions"}],"predecessor-version":[{"id":1106,"href":"https:\/\/siedlung-westend.com\/wordpress\/wp-json\/wp\/v2\/posts\/1100\/revisions\/1106"}],"wp:attachment":[{"href":"https:\/\/siedlung-westend.com\/wordpress\/wp-json\/wp\/v2\/media?parent=1100"}],"wp:term":[{"taxonomy":"category","embeddable":true,"href":"https:\/\/siedlung-westend.com\/wordpress\/wp-json\/wp\/v2\/categories?post=1100"},{"taxonomy":"post_tag","embeddable":true,"href":"https:\/\/siedlung-westend.com\/wordpress\/wp-json\/wp\/v2\/tags?post=1100"}],"curies":[{"name":"wp","href":"https:\/\/api.w.org\/{rel}","templated":true}]}}