{"id":1087,"date":"2016-03-16T02:20:22","date_gmt":"2016-03-16T00:20:22","guid":{"rendered":"http:\/\/siedlung-westend.com\/wordpress\/?p=1087"},"modified":"2016-03-16T10:06:10","modified_gmt":"2016-03-16T08:06:10","slug":"naechste-einwohnerversammlung-der-siedlung-westend-voraussichtlich-im-april-2016","status":"publish","type":"post","link":"https:\/\/siedlung-westend.com\/wordpress\/naechste-einwohnerversammlung-der-siedlung-westend-voraussichtlich-im-april-2016\/","title":{"rendered":"N\u00e4chste Einwohnerversammlung der Siedlung Westend voraussichtlich im April 2016"},"content":{"rendered":"<p style=\"text-align: justify;\">Liebe Nachbarn,<\/p>\n<p style=\"text-align: justify;\">nachdem Bezirksstadtrat Hr. Schulte (SPD) gegen\u00fcber der BVV Charlottenburg-Wilmersdorf anklingen lie\u00df, dass in Sachen Siedlung Westend nun ein Antrag zum Bebauungsplanverfahren gestellt worden ist, wurde von uns im gleichen Zuge im Februar ein Antrag auf eine Einwohnerversammlung gem. \u00a742 BezVerwG bei der BVV gestellt. Vielen Dank an <a href=\"http:\/\/nadia-rouhani.de\/\" target=\"_blank\">Frau Rouhani(fraktionslos B90\/Die Gr\u00fcne)<\/a> f\u00fcr die stetigen Informationen und Unterst\u00fctzung.<\/p>\n<p style=\"text-align: justify;\">Dieser Antrag wurde im \u00c4ltestenrat der BVV am 09.03.16 beratschlagt und nun zur Abstimmung gebracht. F\u00fcr die Zustimmung des Antrages ist die Zustimmung von min. einem Drittel der Bezirksverordneten notwendig. Dies sollte daher keine H\u00fcrde sein.<\/p>\n<p style=\"text-align: justify;\">Nach R\u00fccksprache mit der <a href=\"http:\/\/www.berlin.de\/ba-charlottenburg-wilmersdorf\/politik\/bezirksverordnetenversammlung\/wissenswertes\/vorstand-und-buero\/\" target=\"_blank\">BV-Vorsteherin Frau St\u00fcckler (CDU)<\/a> haben wir als Versammlungsort die Aula der Charles-Dickens-Grundschule vorgeschlagen und als Versammlungsleiterin um die BV-Vorsteherin gebeten.<\/p>\n<p style=\"text-align: justify;\">Den Antrag an die BVV mit der <a href=\"http:\/\/www.berlin.de\/ba-charlottenburg-wilmersdorf\/politik\/bezirksverordnetenversammlung\/online\/vo040.asp\" target=\"_blank\">DS-Nr. 1582\/4<\/a> gibt es weiter unten als PDF zum Download.<\/p>\n<p style=\"text-align: justify;\">An dieser Versammlung werden, wie auch bei der letzten Bewohnerversammlung, wieder einige Vertreter der BVV, aber auch Vertreter des Bezirksamtes und vermutlich auch der Deutsche Wohnen teilnehmen. Die Einladung der Bewohner erfolgt seitens des BVV-B\u00fcros nur durch die lokale Presse, welche daher vermutlich ebenfalls anwesend sein wird.<\/p>\n<p style=\"text-align: justify;\">Wir sind jedoch schon vorbereitet alle Bewohner genau zu informieren und warten nur noch auf den genauen Termin.<\/p>\n<p style=\"text-align: justify;\">Das &#8222;gr\u00fcne&#8220; Licht f\u00fcr die Aufstellung des Bebauungsplans und dem damit verbundenen Verfahren hei\u00dft nicht, dass die Deutsche Wohnen nun mit dem Abriss und Neubau nach ihren W\u00fcnschen beginnen darf. Es hei\u00dft lediglich, dass die Deutsche Wohnen einen B-Plan einreichen darf und dieser nun gepr\u00fcft wird. Man sollte sich von dem Marketing und ggf. durch die Wohnberater der Deutsche Wohnen nicht verunsichern lassen oder dies falsch interpretieren.<\/p>\n<p style=\"text-align: justify;\">Dennoch empfiehlt es sich, dass die Mieter bereits jetzt aktiv ihre Forderungen an die Deutsche Wohnen stellen und diese damit konfrontieren, sollte es eventuell irgendwann zu einem Neubau kommen.<\/p>\n<p style=\"text-align: justify;\">Hier gilt es, eine gleiche Netto-Kaltmiete Euro\/qm zu fordern, weiter z.B. eine freie Wohnungswahl (Vergr\u00f6\u00dferung\/Verkleinerung), die Lage der Wohnung, Ausstattungsmerkmale, Mietminderungen w\u00e4hrend der Bauarbeiten und vor allem eine angemessene Aufwandsentsch\u00e4digung f\u00fcr die Umsetzungen und den Wertverlust des Inventars <strong>weit<\/strong> jenseits der bisher angebotenen 500,00 Euro, etc. Die Beratung durch einen Rechtsbeistand empfiehlt sich. Die Reaktion der Deutsche Wohnen sollte dann auch aktiv an die Bezirksverordneten weitergegeben und kommuniziert werden.<\/p>\n<p style=\"text-align: justify;\">Sobald wir den Termin der Einwohnerversammlung wissen, werden wir alle Bewohner, als auch die umliegenden Anwohner, \u00fcber den Termin per Posteinwurf informieren.<\/p>\n<p style=\"text-align: justify;\">Sicherheitshalber werden wir die Bezirksverordneten, als auch die Deutsche Wohnen an diese Versammlung und den Termin erinnern.<\/p>\n<p style=\"text-align: justify;\">Wir haben ebenfalls schon eine Liste mit wichtigen Themen erstellt, diese werden wir dann ebenfalls der Einladung beif\u00fcgen und hier ver\u00f6ffentlichen.<\/p>\n<p style=\"text-align: justify;\">Mit besten Gr\u00fc\u00dfen!<\/p>\n<p style=\"text-align: justify;\"><a href=\"http:\/\/siedlung-westend.com\/wordpress\/wp-content\/uploads\/2016\/03\/DS-Nr_1582_4.pdf\" target=\"_blank\" rel=\"\">Download BVV-Antrag DS-Nr_1582_4<\/a><\/p>\n","protected":false},"excerpt":{"rendered":"<p>Liebe Nachbarn, nachdem Bezirksstadtrat Hr. Schulte (SPD) gegen\u00fcber der BVV Charlottenburg-Wilmersdorf anklingen lie\u00df, dass in Sachen Siedlung Westend nun ein Antrag zum Bebauungsplanverfahren gestellt worden ist, wurde von uns im <a class=\"more-link\" href=\"https:\/\/siedlung-westend.com\/wordpress\/naechste-einwohnerversammlung-der-siedlung-westend-voraussichtlich-im-april-2016\/\">Weiterlesen &rarr;<\/a><\/p>\n","protected":false},"author":3,"featured_media":0,"comment_status":"closed","ping_status":"open","sticky":false,"template":"","format":"standard","meta":{"_jetpack_memberships_contains_paid_content":false,"footnotes":""},"categories":[2,5,6],"tags":[16,61,24,41,23,97,25,12,48,137,44,96,75,14,11,38,117,56,39,22,26],"class_list":["post-1087","post","type-post","status-publish","format-standard","hentry","category-ankuendigungen","category-organisation","category-termine","tag-abriss","tag-berlin","tag-bezirksverordnetenversammlung","tag-buergerinitiativen","tag-bvv","tag-cdu","tag-charlottenburg","tag-deutsche-wohnen","tag-downloads","tag-einwohnerversammlung","tag-erhalt","tag-mieterversammlung","tag-schulte","tag-siedlung-westend","tag-spd","tag-termin","tag-termine","tag-ueberpruefung","tag-veranstaltung","tag-versammlung","tag-wilmersdorf"],"jetpack_featured_media_url":"","jetpack_sharing_enabled":true,"_links":{"self":[{"href":"https:\/\/siedlung-westend.com\/wordpress\/wp-json\/wp\/v2\/posts\/1087","targetHints":{"allow":["GET"]}}],"collection":[{"href":"https:\/\/siedlung-westend.com\/wordpress\/wp-json\/wp\/v2\/posts"}],"about":[{"href":"https:\/\/siedlung-westend.com\/wordpress\/wp-json\/wp\/v2\/types\/post"}],"author":[{"embeddable":true,"href":"https:\/\/siedlung-westend.com\/wordpress\/wp-json\/wp\/v2\/users\/3"}],"replies":[{"embeddable":true,"href":"https:\/\/siedlung-westend.com\/wordpress\/wp-json\/wp\/v2\/comments?post=1087"}],"version-history":[{"count":6,"href":"https:\/\/siedlung-westend.com\/wordpress\/wp-json\/wp\/v2\/posts\/1087\/revisions"}],"predecessor-version":[{"id":1095,"href":"https:\/\/siedlung-westend.com\/wordpress\/wp-json\/wp\/v2\/posts\/1087\/revisions\/1095"}],"wp:attachment":[{"href":"https:\/\/siedlung-westend.com\/wordpress\/wp-json\/wp\/v2\/media?parent=1087"}],"wp:term":[{"taxonomy":"category","embeddable":true,"href":"https:\/\/siedlung-westend.com\/wordpress\/wp-json\/wp\/v2\/categories?post=1087"},{"taxonomy":"post_tag","embeddable":true,"href":"https:\/\/siedlung-westend.com\/wordpress\/wp-json\/wp\/v2\/tags?post=1087"}],"curies":[{"name":"wp","href":"https:\/\/api.w.org\/{rel}","templated":true}]}}