{"id":1076,"date":"2016-01-10T02:12:22","date_gmt":"2016-01-10T00:12:22","guid":{"rendered":"http:\/\/siedlung-westend.com\/wordpress\/?p=1076"},"modified":"2016-01-10T02:16:35","modified_gmt":"2016-01-10T00:16:35","slug":"presseclub-bei-katrin-lompscher-am-14-01-2016","status":"publish","type":"post","link":"https:\/\/siedlung-westend.com\/wordpress\/presseclub-bei-katrin-lompscher-am-14-01-2016\/","title":{"rendered":"Presseclub bei Katrin Lompscher am 14.01.2016"},"content":{"rendered":"<p><em><strong>Werde an dem Termin teilnehmen und bin gespannt auf die Themen, die diskutiert werden.<\/strong><\/em><\/p>\n<h3><img loading=\"lazy\" decoding=\"async\" class=\"alignnone size-full wp-image-1077\" src=\"https:\/\/siedlung-westend.com\/wordpress\/wp-content\/uploads\/2016\/01\/Die-Linke_Presse-Club.jpg\" alt=\"Die-Linke_Presse-Club\" width=\"562\" height=\"792\" srcset=\"https:\/\/siedlung-westend.com\/wordpress\/wp-content\/uploads\/2016\/01\/Die-Linke_Presse-Club.jpg 562w, https:\/\/siedlung-westend.com\/wordpress\/wp-content\/uploads\/2016\/01\/Die-Linke_Presse-Club-213x300.jpg 213w\" sizes=\"auto, (max-width: 562px) 100vw, 562px\" \/><\/h3>\n<blockquote>\n<h3><em>&#8222;Presseclub bei Katrin Lompscher<\/em><\/h3>\n<p><em>Das Jahr 2016 beginnt im Stadtb\u00fcro mit dem Presseclub. Katrin Lompscher l\u00e4dt dazu Vertreter*innen von Berliner Tageszeitungen zu einem politischen Jahresr\u00fcck- und -ausblick ein. Diejenigen, die sonst die politischen Entwicklungen tagein, tagaus beschreiben, kommen hier zu Wort.<\/em><\/p>\n<p><em>Thematisch werden an diesem Abend viele Br\u00fccken geschlagen, von der Stadtentwicklungspolitik in der Hauptstadt hin zu den Entwicklungen in der City West, und nicht zuletzt wird es auch um das Wahljahr 2016 gehen und die Fragen, die sich im Hinblick darauf stellen.<\/em><\/p>\n<p><em>Ich freue mich auf meine G\u00e4ste:<\/em><\/p>\n<ul>\n<li><em>Cay Dobberke (Der Tagesspiegel)<\/em><\/li>\n<li><em>Sarah Liebigt (neues deutschland)<\/em><\/li>\n<li><em>Ulrich Paul (Berliner Zeitung)<\/em><\/li>\n<li><em>Uwe Rada (taz.die tageszeitung Berlin)<\/em><\/li>\n<\/ul>\n<p><em>F\u00fcr Wein und Wasser ist wie immer gesorgt!<\/em><\/p>\n<p class=\"anreisser\"><em>18:30 Uhr<\/em><br \/>\n<em> Stadtb\u00fcro Katrin Lompscher<\/em><br \/>\n<em> Behaimstr. 17<\/em><br \/>\n<em> 10585 Berlin (Charlottenburg)&#8220;<\/em><\/p>\n<\/blockquote>\n<p class=\"anreisser\"><em>Quelle: <\/em><a href=\"http:\/\/www.dielinke-charlottenburg-wilmersdorf.de\/stadtbuero\/detail\/zurueck\/stadtbuero\/artikel\/presseclub-bei-katrin-lompscher\/\" target=\"_blank\"><em>http:\/\/www.dielinke-charlottenburg-wilmersdorf.de\/stadtbuero\/detail\/zurueck\/stadtbuero\/artik<\/em>el\/presseclub-bei-katrin-lompscher\/<\/a><\/p>\n<p class=\"anreisser\"><em><strong>\u00a0<\/strong><\/em><\/p>\n","protected":false},"excerpt":{"rendered":"<p>Werde an dem Termin teilnehmen und bin gespannt auf die Themen, die diskutiert werden. &#8222;Presseclub bei Katrin Lompscher Das Jahr 2016 beginnt im Stadtb\u00fcro mit dem Presseclub. Katrin Lompscher l\u00e4dt <a class=\"more-link\" href=\"https:\/\/siedlung-westend.com\/wordpress\/presseclub-bei-katrin-lompscher-am-14-01-2016\/\">Weiterlesen &rarr;<\/a><\/p>\n","protected":false},"author":3,"featured_media":0,"comment_status":"closed","ping_status":"open","sticky":false,"template":"","format":"standard","meta":{"_jetpack_memberships_contains_paid_content":false,"footnotes":""},"categories":[7],"tags":[88,135,136,14],"class_list":["post-1076","post","type-post","status-publish","format-standard","hentry","category-berichte","tag-die-linke","tag-medien","tag-presseclub","tag-siedlung-westend"],"jetpack_featured_media_url":"","jetpack_sharing_enabled":true,"_links":{"self":[{"href":"https:\/\/siedlung-westend.com\/wordpress\/wp-json\/wp\/v2\/posts\/1076","targetHints":{"allow":["GET"]}}],"collection":[{"href":"https:\/\/siedlung-westend.com\/wordpress\/wp-json\/wp\/v2\/posts"}],"about":[{"href":"https:\/\/siedlung-westend.com\/wordpress\/wp-json\/wp\/v2\/types\/post"}],"author":[{"embeddable":true,"href":"https:\/\/siedlung-westend.com\/wordpress\/wp-json\/wp\/v2\/users\/3"}],"replies":[{"embeddable":true,"href":"https:\/\/siedlung-westend.com\/wordpress\/wp-json\/wp\/v2\/comments?post=1076"}],"version-history":[{"count":8,"href":"https:\/\/siedlung-westend.com\/wordpress\/wp-json\/wp\/v2\/posts\/1076\/revisions"}],"predecessor-version":[{"id":1085,"href":"https:\/\/siedlung-westend.com\/wordpress\/wp-json\/wp\/v2\/posts\/1076\/revisions\/1085"}],"wp:attachment":[{"href":"https:\/\/siedlung-westend.com\/wordpress\/wp-json\/wp\/v2\/media?parent=1076"}],"wp:term":[{"taxonomy":"category","embeddable":true,"href":"https:\/\/siedlung-westend.com\/wordpress\/wp-json\/wp\/v2\/categories?post=1076"},{"taxonomy":"post_tag","embeddable":true,"href":"https:\/\/siedlung-westend.com\/wordpress\/wp-json\/wp\/v2\/tags?post=1076"}],"curies":[{"name":"wp","href":"https:\/\/api.w.org\/{rel}","templated":true}]}}